{"id":14032,"date":"2026-04-07T11:09:49","date_gmt":"2026-04-07T11:09:49","guid":{"rendered":"https:\/\/beautydistrict.ro\/?p=14032"},"modified":"2026-04-08T11:31:23","modified_gmt":"2026-04-08T11:31:23","slug":"look-paste-2026-coafuri-manichiura","status":"publish","type":"post","link":"https:\/\/beautydistrict.ro\/en\/2026\/04\/07\/look-paste-2026-coafuri-manichiura\/","title":{"rendered":"Look de Pa\u0219te 2026: coafuri \u0219i manichiur\u0103 care fac diferen\u021ba la masa de s\u0103rb\u0103tori"},"content":{"rendered":"<div class=\"wp-block-rank-math-toc-block\" id=\"rank-math-toc\"><h2>Cuprins<\/h2><nav><ul><li class=\"\"><a href=\"#introducere\">Introducere<\/a><\/li><li class=\"\"><a href=\"#coafuri-de-pa\u0219te-2026-ce-este-in-tendin\u021ba\">Coafuri de Pa\u0219te 2026: ce este \u00een tendin\u021b\u0103<\/a><\/li><li class=\"\"><a href=\"#manichiura-pentru-pa\u0219te-2026-culori-\u0219i-tehnici-la-moda\">Manichiur\u0103 pentru Pa\u0219te 2026: culori \u0219i tehnici la mod\u0103<\/a><\/li><li class=\"\"><a href=\"#cum-te-pregate\u0219ti-check-list-complet-pentru-look-ul-de-pa\u0219te\">Cum te preg\u0103te\u0219ti: check-list complet pentru look-ul de Pa\u0219te<\/a><\/li><li class=\"\"><a href=\"#faq-intrebari-frecvente\">FAQ \u2014 \u00centreb\u0103ri frecvente<\/a><\/li><\/ul><\/nav><\/div>\n\n\n\n<h2 class=\"wp-block-heading\" id=\"introducere\">Introducere<\/h2>\n\n\n\n<p>Pa\u0219tele este poate cel mai a\u0219teptat moment din prim\u0103var\u0103 \u2014 o s\u0103rb\u0103toare \u00een care \u021binuta conteaz\u0103 la fel de mult ca pr\u00e2nzul de duminic\u0103. Dac\u0103 \u0219tii deja ce rochie por\u021bi, este momentul s\u0103 completezi look-ul cu o coafur\u0103 elegant\u0103 \u0219i o manichiur\u0103 care s\u0103 vorbeasc\u0103 despre tine. \u00cen 2026, tendin\u021bele se \u00eendreapt\u0103 spre feminitate natural\u0103, culori calde \u0219i detalii rafinate. La Beauty District, echipa noastr\u0103 a preg\u0103tit deja cele mai populare servicii pentru sezonul Pa\u0219telui \u2014 \u0219i program\u0103rile se ocup\u0103 rapid.<\/p>\n\n\n\n<figure class=\"wp-block-image size-large\"><img fetchpriority=\"high\" decoding=\"async\" width=\"1024\" height=\"768\" src=\"https:\/\/beautydistrict.ro\/wp-content\/uploads\/2026\/04\/Coafuri-de-Paste-2026-1024x768.jpg\" alt=\"coafura Paste 2026\" class=\"wp-image-14036\" srcset=\"https:\/\/beautydistrict.ro\/wp-content\/uploads\/2026\/04\/Coafuri-de-Paste-2026-1024x768.jpg 1024w, https:\/\/beautydistrict.ro\/wp-content\/uploads\/2026\/04\/Coafuri-de-Paste-2026-300x225.jpg 300w, https:\/\/beautydistrict.ro\/wp-content\/uploads\/2026\/04\/Coafuri-de-Paste-2026-768x576.jpg 768w, https:\/\/beautydistrict.ro\/wp-content\/uploads\/2026\/04\/Coafuri-de-Paste-2026-16x12.jpg 16w, https:\/\/beautydistrict.ro\/wp-content\/uploads\/2026\/04\/Coafuri-de-Paste-2026.jpg 1240w\" sizes=\"(max-width: 1024px) 100vw, 1024px\" \/><\/figure>\n\n\n\n<h2 class=\"wp-block-heading\" id=\"coafuri-de-pa\u0219te-2026-ce-este-in-tendin\u021ba\">Coafuri de Pa\u0219te 2026: ce este \u00een tendin\u021b\u0103<\/h2>\n\n\n\n<p>Sezonul prim\u0103var\u0103 2026 aduce pe primul loc coafurile romantice \u0219i aerisite. Iat\u0103 ce domin\u0103 cererile \u00een salon \u00een aceast\u0103 perioad\u0103:<\/p>\n\n\n\n<ul class=\"wp-block-list\">\n<li>Valuri soft \u0219i blow-dry voluminos \u2014 clasicul care nu d\u0103 gre\u0219, perfect pentru o cin\u0103 \u00een familie sau o petrecere de Pa\u0219te<\/li>\n\n\n\n<li>Updo-uri relaxate \u2014 cozi \u0219i cocuri lejere, cu bucle fine l\u0103sate pe fa\u021b\u0103, ideale pentru rochii cu spatele gol<\/li>\n\n\n\n<li>Half-up half-down cu accesorii florale \u2014 trendul Instagram al prim\u0103verii 2026<\/li>\n\n\n\n<li>Tuns cu textur\u0103 \u2014 dac\u0103 vrei o schimbare de sezon, tunsorile bob \u0219i lob cu texturizare u\u0219oar\u0103 sunt ideale<\/li>\n<\/ul>\n\n\n\n<p><em>Sfat de la echipa noastr\u0103: rezerv\u0103 o programare cu cel pu\u021bin 5-7 zile \u00eenainte de Pa\u0219te. Locurile se ocup\u0103 rapid \u00een aceast\u0103 perioad\u0103.<\/em><\/p>\n\n\n\n<figure class=\"wp-block-image size-large\"><img decoding=\"async\" width=\"1024\" height=\"768\" src=\"https:\/\/beautydistrict.ro\/wp-content\/uploads\/2026\/04\/Coafuri-de-Paste-2026-2-1024x768.jpg\" alt=\"Coafuri de Pa\u0219te 2026: ce este \u00een tendin\u021b\u0103\" class=\"wp-image-14035\" srcset=\"https:\/\/beautydistrict.ro\/wp-content\/uploads\/2026\/04\/Coafuri-de-Paste-2026-2-1024x768.jpg 1024w, https:\/\/beautydistrict.ro\/wp-content\/uploads\/2026\/04\/Coafuri-de-Paste-2026-2-300x225.jpg 300w, https:\/\/beautydistrict.ro\/wp-content\/uploads\/2026\/04\/Coafuri-de-Paste-2026-2-768x576.jpg 768w, https:\/\/beautydistrict.ro\/wp-content\/uploads\/2026\/04\/Coafuri-de-Paste-2026-2-16x12.jpg 16w, https:\/\/beautydistrict.ro\/wp-content\/uploads\/2026\/04\/Coafuri-de-Paste-2026-2.jpg 1240w\" sizes=\"(max-width: 1024px) 100vw, 1024px\" \/><\/figure>\n\n\n\n<h2 class=\"wp-block-heading\" id=\"manichiura-pentru-pa\u0219te-2026-culori-\u0219i-tehnici-la-moda\">Manichiur\u0103 pentru Pa\u0219te 2026: culori \u0219i tehnici la mod\u0103<\/h2>\n\n\n\n<p>Manichiura completeaz\u0103 look-ul \u0219i \u00een 2026 tendin\u021bele sunt clare:<\/p>\n\n\n\n<ul class=\"wp-block-list\">\n<li>Nude cu accent pastelat \u2014 roz pudrat, bej cu shimmer fin, lila pal<\/li>\n\n\n\n<li>French manicure modern \u2014 cu v\u00e2rf colorat (roz, mint, lavand\u0103) \u00een loc de alb clasic<\/li>\n\n\n\n<li>Nail art discret cu floricele sau buline mici \u2014 elegant, nu exagerat<\/li>\n\n\n\n<li>Cherry red sau coral aprins \u2014 pentru femeile care vor s\u0103 ias\u0103 \u00een eviden\u021b\u0103<\/li>\n<\/ul>\n\n\n\n<p>La Beauty District folosim produse profesionale L&#8217;Or\u00e9al \u0219i gel de calitate pentru o manichiur\u0103 care rezist\u0103 cel pu\u021bin 3 s\u0103pt\u0103m\u00e2ni \u2014 perfect pentru \u00eentreaga perioad\u0103 a s\u0103rb\u0103torilor.<\/p>\n\n\n\n<figure class=\"wp-block-image size-large\"><img decoding=\"async\" width=\"1024\" height=\"768\" src=\"https:\/\/beautydistrict.ro\/wp-content\/uploads\/2026\/04\/Manichiura-pentru-Paste-2026-1024x768.jpg\" alt=\"Manichiur\u0103 pentru Pa\u0219te 2026\" class=\"wp-image-14037\" srcset=\"https:\/\/beautydistrict.ro\/wp-content\/uploads\/2026\/04\/Manichiura-pentru-Paste-2026-1024x768.jpg 1024w, https:\/\/beautydistrict.ro\/wp-content\/uploads\/2026\/04\/Manichiura-pentru-Paste-2026-300x225.jpg 300w, https:\/\/beautydistrict.ro\/wp-content\/uploads\/2026\/04\/Manichiura-pentru-Paste-2026-768x576.jpg 768w, https:\/\/beautydistrict.ro\/wp-content\/uploads\/2026\/04\/Manichiura-pentru-Paste-2026-16x12.jpg 16w, https:\/\/beautydistrict.ro\/wp-content\/uploads\/2026\/04\/Manichiura-pentru-Paste-2026.jpg 1240w\" sizes=\"(max-width: 1024px) 100vw, 1024px\" \/><\/figure>\n\n\n\n<h2 class=\"wp-block-heading\" id=\"cum-te-pregate\u0219ti-check-list-complet-pentru-look-ul-de-pa\u0219te\">Cum te preg\u0103te\u0219ti: check-list complet pentru look-ul de Pa\u0219te<\/h2>\n\n\n\n<ul class=\"wp-block-list\">\n<li>Cu 7-10 zile \u00eenainte: programare coafur\u0103 (vopsit, balyage, tunsoare + coafat)<\/li>\n\n\n\n<li>Cu 5-7 zile \u00eenainte: programare manichiur\u0103 gel sau semipermanent\u0103<\/li>\n\n\n\n<li>Cu 3-5 zile \u00eenainte: tratament facial dac\u0103 dore\u0219ti ten luminos<\/li>\n\n\n\n<li>Cu 1-2 zile \u00eenainte: coafat \u0219i styling final<\/li>\n<\/ul>\n\n\n\n<h2 class=\"wp-block-heading\" id=\"faq-intrebari-frecvente\">FAQ \u2014 \u00centreb\u0103ri frecvente<\/h2>\n\n\n\n<p><strong>Pot face coafura \u0219i manichiura \u00een aceea\u0219i zi la Beauty District?<\/strong><\/p>\n\n\n\n<p>Da, recomand\u0103m s\u0103 programezi mai \u00eent\u00e2i coafura, apoi manichiura. Echipa noastr\u0103 va coordona orarul astfel \u00eenc\u00e2t s\u0103 nu a\u0219tep\u021bi.<\/p>\n\n\n\n<p><strong>C\u00e2t dureaz\u0103 o programare complet\u0103 (coafat + manichiur\u0103)?<\/strong><\/p>\n\n\n\n<p>\u00cen medie 2-3 ore, \u00een func\u021bie de lungimea \u0219i tipul p\u0103rului. Pentru servicii de vopsire, aloc\u0103 3-4 ore.<\/p>\n\n\n\n<p><strong>Oferi\u021bi seturi de Pa\u0219te sau pachete promo\u021bionale?<\/strong><\/p>\n\n\n\n<p>Urm\u0103re\u0219te pagina noastr\u0103 de Instagram \u0219i Facebook pentru ofertele sezoniere. De regul\u0103 lans\u0103m pachete speciale cu 2 s\u0103pt\u0103m\u00e2ni \u00eenainte de Pa\u0219te.<\/p>\n\n\n\n<p><strong>Preg\u0103te\u0219te-\u021bi look-ul de Pa\u0219te din timp! Programeaz\u0103-te acum la Beauty District \u2014 Nordului sau Stejarii. \u2192 <a href=\"https:\/\/beautydistrict.ro\/en\/contact\/\" data-type=\"link\" data-id=\"https:\/\/beautydistrict.ro\/contact\/\">beautydistrict.ro\/contact<\/a><\/strong><\/p>\n\n\n\n<p><\/p>","protected":false},"excerpt":{"rendered":"<p>Introducere Pa\u0219tele este poate cel mai a\u0219teptat moment din prim\u0103var\u0103 \u2014 o s\u0103rb\u0103toare \u00een care \u021binuta conteaz\u0103 la fel de mult ca pr\u00e2nzul de duminic\u0103. Dac\u0103 \u0219tii deja ce rochie por\u021bi, este momentul s\u0103 completezi look-ul cu o coafur\u0103 elegant\u0103 \u0219i o manichiur\u0103 care s\u0103 vorbeasc\u0103 despre tine. \u00cen 2026, tendin\u021bele se \u00eendreapt\u0103 spre feminitate [&hellip;]<\/p>\n","protected":false},"author":1,"featured_media":14033,"comment_status":"closed","ping_status":"closed","sticky":false,"template":"","format":"standard","meta":{"slim_seo":{"title":"Look de Pa\u0219te 2026: coafuri \u0219i manichiur\u0103 care fac diferen\u021ba la masa de s\u0103rb\u0103tori - Beauty District","description":"Cuprins Introducere Coafuri de Pa\u0219te 2026: ce este \u00een tendin\u021b\u0103 Manichiur\u0103 pentru Pa\u0219te 2026: culori \u0219i tehnici la mod\u0103 Cum te preg\u0103te\u0219ti: check-list complet pen"},"footnotes":""},"categories":[69],"tags":[],"class_list":["post-14032","post","type-post","status-publish","format-standard","has-post-thumbnail","hentry","category-evenimente"],"_links":{"self":[{"href":"https:\/\/beautydistrict.ro\/en\/wp-json\/wp\/v2\/posts\/14032","targetHints":{"allow":["GET"]}}],"collection":[{"href":"https:\/\/beautydistrict.ro\/en\/wp-json\/wp\/v2\/posts"}],"about":[{"href":"https:\/\/beautydistrict.ro\/en\/wp-json\/wp\/v2\/types\/post"}],"author":[{"embeddable":true,"href":"https:\/\/beautydistrict.ro\/en\/wp-json\/wp\/v2\/users\/1"}],"replies":[{"embeddable":true,"href":"https:\/\/beautydistrict.ro\/en\/wp-json\/wp\/v2\/comments?post=14032"}],"version-history":[{"count":3,"href":"https:\/\/beautydistrict.ro\/en\/wp-json\/wp\/v2\/posts\/14032\/revisions"}],"predecessor-version":[{"id":14042,"href":"https:\/\/beautydistrict.ro\/en\/wp-json\/wp\/v2\/posts\/14032\/revisions\/14042"}],"wp:featuredmedia":[{"embeddable":true,"href":"https:\/\/beautydistrict.ro\/en\/wp-json\/wp\/v2\/media\/14033"}],"wp:attachment":[{"href":"https:\/\/beautydistrict.ro\/en\/wp-json\/wp\/v2\/media?parent=14032"}],"wp:term":[{"taxonomy":"category","embeddable":true,"href":"https:\/\/beautydistrict.ro\/en\/wp-json\/wp\/v2\/categories?post=14032"},{"taxonomy":"post_tag","embeddable":true,"href":"https:\/\/beautydistrict.ro\/en\/wp-json\/wp\/v2\/tags?post=14032"}],"curies":[{"name":"wp","href":"https:\/\/api.w.org\/{rel}","templated":true}]}}